{"id":5978,"date":"2024-04-09T13:51:22","date_gmt":"2024-04-09T18:51:22","guid":{"rendered":"https:\/\/montecristi.gob.ec\/?p=5978"},"modified":"2024-04-30T13:55:38","modified_gmt":"2024-04-30T18:55:38","slug":"350-montecristenses-se-capacitaron-y-recibieron-certificados-avalados-por-la-senescyt","status":"publish","type":"post","link":"https:\/\/montecristi.gob.ec\/en\/350-montecristenses-se-capacitaron-y-recibieron-certificados-avalados-por-la-senescyt\/","title":{"rendered":"350 montecristenses se capacitaron y recibieron certificados avalados por la Senescyt."},"content":{"rendered":"<p>Bajo el convenio entre el GADM Montecristi y la Uleam, a trav\u00e9s de la Direcci\u00f3n de Desarrollo, Acci\u00f3n e Inclusi\u00f3n Social, Comunitaria y Productiva, se llev\u00f3 a cabo la clausura de varios talleres. Entre ellos, se destacan: &nbsp;Primeros Auxilios, los cuales fueron impartidos en las Parroquias Le\u00f3nidas Proa\u00f1o, General Alfaro, Isabel Muentes, Colorado, en las comunas Bajo del Pechiche y en el sitio Cerro Guayabal. Adem\u00e1s, se concluy\u00f3 exitosamente el taller de Gastronom\u00eda Navide\u00f1a, que tuvo lugar en las parroquias Montecristi, La Pila, Le\u00f3nidas Proa\u00f1o, General Alfaro, Isabel Muentes, y en el sitio Chorrillo. Asimismo, se finaliz\u00f3 el taller de Agricultura Org\u00e1nica en el Bajo del Pechiche.<\/p>\n\n\n\n<p>La ceremonia, que tuvo lugar en la sede del Sindicato \u00danico de Obreros, cont\u00f3 con la presencia de autoridades locales, acad\u00e9micas y representantes de la Senescyt.<\/p>\n\n\n\n<p>Durante el evento, se destac\u00f3 el compromiso y la dedicaci\u00f3n demostrados por los asistentes a lo largo de los diversos programas formativos, los cuales abarcaron \u00e1reas de: gastronom\u00eda, enfermer\u00eda, manualidades y agricultura.<\/p>\n\n\n\n<p>\u00abEn nombre de la Uleam Ecuador y la Senescyt, felicitamos a cada uno de los participantes por su dedicaci\u00f3n y compromiso. Estamos seguros de que este logro les abrir\u00e1 nuevas oportunidades y les permitir\u00e1 alcanzar sus metas con \u00e9xito\u00bb, expres\u00f3 Marcos Zambrano, rector de la Uleam.<\/p>\n\n\n\n<p>La entrega de estos 350 certificados refleja el impacto positivo que la educaci\u00f3n y la formaci\u00f3n, es un testimonio del valor del trabajo en equipo y la colaboraci\u00f3n entre instituciones educativas y la sociedad civil en la b\u00fasqueda del bienestar com\u00fan.<\/p>\n\n\n\n<figure class=\"wp-block-gallery has-nested-images columns-default is-cropped wp-block-gallery-1 is-layout-flex wp-block-gallery-is-layout-flex\">\n\n\n<figure class=\"wp-block-image size-large\"><img fetchpriority=\"high\" decoding=\"async\" width=\"1024\" height=\"683\" data-id=\"5981\" src=\"https:\/\/montecristi.gob.ec\/wp-content\/uploads\/2024\/04\/420349659_961893042166722_2014819733708936607_n-1024x683.jpg\" alt=\"\" class=\"wp-image-5981\" srcset=\"https:\/\/montecristi.gob.ec\/wp-content\/uploads\/2024\/04\/420349659_961893042166722_2014819733708936607_n-1024x683.jpg 1024w, https:\/\/montecristi.gob.ec\/wp-content\/uploads\/2024\/04\/420349659_961893042166722_2014819733708936607_n-300x200.jpg 300w, https:\/\/montecristi.gob.ec\/wp-content\/uploads\/2024\/04\/420349659_961893042166722_2014819733708936607_n-768x512.jpg 768w, https:\/\/montecristi.gob.ec\/wp-content\/uploads\/2024\/04\/420349659_961893042166722_2014819733708936607_n-1536x1025.jpg 1536w, https:\/\/montecristi.gob.ec\/wp-content\/uploads\/2024\/04\/420349659_961893042166722_2014819733708936607_n-18x12.jpg 18w, https:\/\/montecristi.gob.ec\/wp-content\/uploads\/2024\/04\/420349659_961893042166722_2014819733708936607_n.jpg 2048w\" sizes=\"(max-width: 1024px) 100vw, 1024px\" \/><\/figure>\n\n\n\n\n\n<figure class=\"wp-block-image size-large\"><img decoding=\"async\" width=\"1024\" height=\"683\" data-id=\"5979\" src=\"https:\/\/montecristi.gob.ec\/wp-content\/uploads\/2024\/04\/434847939_961892945500065_4340560288860720093_n-1024x683.jpg\" alt=\"\" class=\"wp-image-5979\" srcset=\"https:\/\/montecristi.gob.ec\/wp-content\/uploads\/2024\/04\/434847939_961892945500065_4340560288860720093_n-1024x683.jpg 1024w, https:\/\/montecristi.gob.ec\/wp-content\/uploads\/2024\/04\/434847939_961892945500065_4340560288860720093_n-300x200.jpg 300w, https:\/\/montecristi.gob.ec\/wp-content\/uploads\/2024\/04\/434847939_961892945500065_4340560288860720093_n-768x512.jpg 768w, https:\/\/montecristi.gob.ec\/wp-content\/uploads\/2024\/04\/434847939_961892945500065_4340560288860720093_n-1536x1025.jpg 1536w, https:\/\/montecristi.gob.ec\/wp-content\/uploads\/2024\/04\/434847939_961892945500065_4340560288860720093_n-18x12.jpg 18w, https:\/\/montecristi.gob.ec\/wp-content\/uploads\/2024\/04\/434847939_961892945500065_4340560288860720093_n.jpg 2048w\" sizes=\"(max-width: 1024px) 100vw, 1024px\" \/><\/figure>\n\n\n\n\n\n<figure class=\"wp-block-image size-large\"><img decoding=\"async\" width=\"1024\" height=\"683\" data-id=\"5980\" src=\"https:\/\/montecristi.gob.ec\/wp-content\/uploads\/2024\/04\/434773964_961892615500098_7711443585123546758_n-1024x683.jpg\" alt=\"\" class=\"wp-image-5980\" srcset=\"https:\/\/montecristi.gob.ec\/wp-content\/uploads\/2024\/04\/434773964_961892615500098_7711443585123546758_n-1024x683.jpg 1024w, https:\/\/montecristi.gob.ec\/wp-content\/uploads\/2024\/04\/434773964_961892615500098_7711443585123546758_n-300x200.jpg 300w, https:\/\/montecristi.gob.ec\/wp-content\/uploads\/2024\/04\/434773964_961892615500098_7711443585123546758_n-768x512.jpg 768w, https:\/\/montecristi.gob.ec\/wp-content\/uploads\/2024\/04\/434773964_961892615500098_7711443585123546758_n-1536x1025.jpg 1536w, https:\/\/montecristi.gob.ec\/wp-content\/uploads\/2024\/04\/434773964_961892615500098_7711443585123546758_n-18x12.jpg 18w, https:\/\/montecristi.gob.ec\/wp-content\/uploads\/2024\/04\/434773964_961892615500098_7711443585123546758_n.jpg 2048w\" sizes=\"(max-width: 1024px) 100vw, 1024px\" \/><\/figure>\n\n\n\n\n\n<figure class=\"wp-block-image size-large\"><img loading=\"lazy\" decoding=\"async\" width=\"1024\" height=\"683\" data-id=\"5985\" src=\"https:\/\/montecristi.gob.ec\/wp-content\/uploads\/2024\/04\/435678786_961892645500095_8770745971833476717_n-1024x683.jpg\" alt=\"\" class=\"wp-image-5985\" srcset=\"https:\/\/montecristi.gob.ec\/wp-content\/uploads\/2024\/04\/435678786_961892645500095_8770745971833476717_n-1024x683.jpg 1024w, https:\/\/montecristi.gob.ec\/wp-content\/uploads\/2024\/04\/435678786_961892645500095_8770745971833476717_n-300x200.jpg 300w, https:\/\/montecristi.gob.ec\/wp-content\/uploads\/2024\/04\/435678786_961892645500095_8770745971833476717_n-768x512.jpg 768w, https:\/\/montecristi.gob.ec\/wp-content\/uploads\/2024\/04\/435678786_961892645500095_8770745971833476717_n-1536x1025.jpg 1536w, https:\/\/montecristi.gob.ec\/wp-content\/uploads\/2024\/04\/435678786_961892645500095_8770745971833476717_n-18x12.jpg 18w, https:\/\/montecristi.gob.ec\/wp-content\/uploads\/2024\/04\/435678786_961892645500095_8770745971833476717_n.jpg 2048w\" sizes=\"(max-width: 1024px) 100vw, 1024px\" \/><\/figure>\n\n\n\n<figure class=\"wp-block-image size-large\"><img loading=\"lazy\" decoding=\"async\" width=\"1024\" height=\"683\" data-id=\"5986\" src=\"https:\/\/montecristi.gob.ec\/wp-content\/uploads\/2024\/04\/434854809_961892672166759_6232457221357243956_n-1024x683.jpg\" alt=\"\" class=\"wp-image-5986\" srcset=\"https:\/\/montecristi.gob.ec\/wp-content\/uploads\/2024\/04\/434854809_961892672166759_6232457221357243956_n-1024x683.jpg 1024w, https:\/\/montecristi.gob.ec\/wp-content\/uploads\/2024\/04\/434854809_961892672166759_6232457221357243956_n-300x200.jpg 300w, https:\/\/montecristi.gob.ec\/wp-content\/uploads\/2024\/04\/434854809_961892672166759_6232457221357243956_n-768x512.jpg 768w, https:\/\/montecristi.gob.ec\/wp-content\/uploads\/2024\/04\/434854809_961892672166759_6232457221357243956_n-1536x1025.jpg 1536w, https:\/\/montecristi.gob.ec\/wp-content\/uploads\/2024\/04\/434854809_961892672166759_6232457221357243956_n-18x12.jpg 18w, https:\/\/montecristi.gob.ec\/wp-content\/uploads\/2024\/04\/434854809_961892672166759_6232457221357243956_n.jpg 2048w\" sizes=\"(max-width: 1024px) 100vw, 1024px\" \/><\/figure>\n\n\n\n<figure class=\"wp-block-image size-large\"><img loading=\"lazy\" decoding=\"async\" width=\"1024\" height=\"683\" data-id=\"5989\" src=\"https:\/\/montecristi.gob.ec\/wp-content\/uploads\/2024\/04\/435683453_961892695500090_8227358863312696866_n-1024x683.jpg\" alt=\"\" class=\"wp-image-5989\" srcset=\"https:\/\/montecristi.gob.ec\/wp-content\/uploads\/2024\/04\/435683453_961892695500090_8227358863312696866_n-1024x683.jpg 1024w, https:\/\/montecristi.gob.ec\/wp-content\/uploads\/2024\/04\/435683453_961892695500090_8227358863312696866_n-300x200.jpg 300w, https:\/\/montecristi.gob.ec\/wp-content\/uploads\/2024\/04\/435683453_961892695500090_8227358863312696866_n-768x512.jpg 768w, https:\/\/montecristi.gob.ec\/wp-content\/uploads\/2024\/04\/435683453_961892695500090_8227358863312696866_n-1536x1025.jpg 1536w, https:\/\/montecristi.gob.ec\/wp-content\/uploads\/2024\/04\/435683453_961892695500090_8227358863312696866_n-18x12.jpg 18w, https:\/\/montecristi.gob.ec\/wp-content\/uploads\/2024\/04\/435683453_961892695500090_8227358863312696866_n.jpg 2048w\" sizes=\"(max-width: 1024px) 100vw, 1024px\" \/><\/figure>\n\n\n\n<figure class=\"wp-block-image size-large\"><img loading=\"lazy\" decoding=\"async\" width=\"1024\" height=\"683\" data-id=\"5988\" src=\"https:\/\/montecristi.gob.ec\/wp-content\/uploads\/2024\/04\/435662590_961892918833401_5863866806557460354_n-1024x683.jpg\" alt=\"\" class=\"wp-image-5988\" srcset=\"https:\/\/montecristi.gob.ec\/wp-content\/uploads\/2024\/04\/435662590_961892918833401_5863866806557460354_n-1024x683.jpg 1024w, https:\/\/montecristi.gob.ec\/wp-content\/uploads\/2024\/04\/435662590_961892918833401_5863866806557460354_n-300x200.jpg 300w, https:\/\/montecristi.gob.ec\/wp-content\/uploads\/2024\/04\/435662590_961892918833401_5863866806557460354_n-768x512.jpg 768w, https:\/\/montecristi.gob.ec\/wp-content\/uploads\/2024\/04\/435662590_961892918833401_5863866806557460354_n-1536x1025.jpg 1536w, https:\/\/montecristi.gob.ec\/wp-content\/uploads\/2024\/04\/435662590_961892918833401_5863866806557460354_n-18x12.jpg 18w, https:\/\/montecristi.gob.ec\/wp-content\/uploads\/2024\/04\/435662590_961892918833401_5863866806557460354_n.jpg 2048w\" sizes=\"(max-width: 1024px) 100vw, 1024px\" \/><\/figure>\n\n\n\n<figure class=\"wp-block-image size-large\"><img loading=\"lazy\" decoding=\"async\" width=\"1024\" height=\"683\" data-id=\"5987\" src=\"https:\/\/montecristi.gob.ec\/wp-content\/uploads\/2024\/04\/434845762_961892682166758_5381304801831646763_n-1024x683.jpg\" alt=\"\" class=\"wp-image-5987\" srcset=\"https:\/\/montecristi.gob.ec\/wp-content\/uploads\/2024\/04\/434845762_961892682166758_5381304801831646763_n-1024x683.jpg 1024w, https:\/\/montecristi.gob.ec\/wp-content\/uploads\/2024\/04\/434845762_961892682166758_5381304801831646763_n-300x200.jpg 300w, https:\/\/montecristi.gob.ec\/wp-content\/uploads\/2024\/04\/434845762_961892682166758_5381304801831646763_n-768x512.jpg 768w, https:\/\/montecristi.gob.ec\/wp-content\/uploads\/2024\/04\/434845762_961892682166758_5381304801831646763_n-1536x1025.jpg 1536w, https:\/\/montecristi.gob.ec\/wp-content\/uploads\/2024\/04\/434845762_961892682166758_5381304801831646763_n-18x12.jpg 18w, https:\/\/montecristi.gob.ec\/wp-content\/uploads\/2024\/04\/434845762_961892682166758_5381304801831646763_n.jpg 2048w\" sizes=\"(max-width: 1024px) 100vw, 1024px\" \/><\/figure>\n<\/figure>","protected":false},"excerpt":{"rendered":"<p>Bajo el convenio entre el GADM Montecristi y la Uleam, a trav\u00e9s de la Direcci\u00f3n de Desarrollo, Acci\u00f3n e Inclusi\u00f3n Social, Comunitaria y Productiva, se llev\u00f3 a cabo la clausura [&hellip;]<\/p>\n","protected":false},"author":3,"featured_media":5990,"comment_status":"closed","ping_status":"closed","sticky":false,"template":"","format":"standard","meta":{"footnotes":""},"categories":[5],"tags":[],"class_list":["post-5978","post","type-post","status-publish","format-standard","has-post-thumbnail","hentry","category-noticias-blog"],"_links":{"self":[{"href":"https:\/\/montecristi.gob.ec\/en\/wp-json\/wp\/v2\/posts\/5978","targetHints":{"allow":["GET"]}}],"collection":[{"href":"https:\/\/montecristi.gob.ec\/en\/wp-json\/wp\/v2\/posts"}],"about":[{"href":"https:\/\/montecristi.gob.ec\/en\/wp-json\/wp\/v2\/types\/post"}],"author":[{"embeddable":true,"href":"https:\/\/montecristi.gob.ec\/en\/wp-json\/wp\/v2\/users\/3"}],"replies":[{"embeddable":true,"href":"https:\/\/montecristi.gob.ec\/en\/wp-json\/wp\/v2\/comments?post=5978"}],"version-history":[{"count":1,"href":"https:\/\/montecristi.gob.ec\/en\/wp-json\/wp\/v2\/posts\/5978\/revisions"}],"predecessor-version":[{"id":5992,"href":"https:\/\/montecristi.gob.ec\/en\/wp-json\/wp\/v2\/posts\/5978\/revisions\/5992"}],"wp:featuredmedia":[{"embeddable":true,"href":"https:\/\/montecristi.gob.ec\/en\/wp-json\/wp\/v2\/media\/5990"}],"wp:attachment":[{"href":"https:\/\/montecristi.gob.ec\/en\/wp-json\/wp\/v2\/media?parent=5978"}],"wp:term":[{"taxonomy":"category","embeddable":true,"href":"https:\/\/montecristi.gob.ec\/en\/wp-json\/wp\/v2\/categories?post=5978"},{"taxonomy":"post_tag","embeddable":true,"href":"https:\/\/montecristi.gob.ec\/en\/wp-json\/wp\/v2\/tags?post=5978"}],"curies":[{"name":"wp","href":"https:\/\/api.w.org\/{rel}","templated":true}]}}