{"id":7487,"date":"2025-08-21T15:19:43","date_gmt":"2025-08-21T20:19:43","guid":{"rendered":"https:\/\/montecristi.gob.ec\/?p=7487"},"modified":"2025-08-22T15:36:01","modified_gmt":"2025-08-22T20:36:01","slug":"montecristi-activa-su-consejo-de-seguridad-ciudadana-municipal","status":"publish","type":"post","link":"https:\/\/montecristi.gob.ec\/en\/montecristi-activa-su-consejo-de-seguridad-ciudadana-municipal\/","title":{"rendered":"Montecristi activa su Consejo de Seguridad Ciudadana Municipal"},"content":{"rendered":"<p>En cumplimiento de la ordenanza que crea el Consejo de Seguridad Ciudadana y de lo establecido en el Acuerdo Ministerial Nro. MDI-DMI-2024-0095, el Gobierno Aut\u00f3nomo Descentralizado Municipal de Montecristi realiz\u00f3 la Sesi\u00f3n del Consejo de Seguridad Ciudadana Municipal, dando paso a su activaci\u00f3n formal.<\/p>\n\n\n\n<p>Este importante espacio permitir\u00e1 articular acciones de manera directa con las instituciones del Estado en materia de prevenci\u00f3n y seguridad, consolidando un trabajo conjunto para enfrentar la problem\u00e1tica actual y fortalecer la protecci\u00f3n de la ciudadan\u00eda.<\/p>\n\n\n\n<p>Durante la sesi\u00f3n se desarrollaron los siguientes puntos principales:<\/p>\n\n\n\n<p>Socializaci\u00f3n del Acuerdo Ministerial Nro. MDI-DMI-2024-0095, que regula la conformaci\u00f3n y funcionamiento de los Consejos de Seguridad Ciudadana Municipales y Metropolitanos.<\/p>\n\n\n\n<p>Presentaci\u00f3n del Diagn\u00f3stico Situacional de Seguridad Ciudadana por parte de la Polic\u00eda Nacional y Fuerzas Armadas.<\/p>\n\n\n\n<p>Presentaci\u00f3n del Diagn\u00f3stico Situacional por parte de ECU-911.<\/p>\n\n\n\n<p> Lectura de acuerdos y compromisos establecidos en la sesi\u00f3n, que guiar\u00e1n la agenda de trabajo de este Consejo.<\/p>\n\n\n\n<p>Con esta activaci\u00f3n, Montecristi avanza en la construcci\u00f3n de una estrategia integral de seguridad, basada en la corresponsabilidad, la prevenci\u00f3n y la acci\u00f3n coordinada, reafirmando el compromiso del Municipio de trabajar en beneficio de todos&nbsp;los&nbsp;ciudadanos.<\/p>\n\n\n\n<figure class=\"wp-block-gallery has-nested-images columns-default is-cropped wp-block-gallery-1 is-layout-flex wp-block-gallery-is-layout-flex\">\n<figure class=\"wp-block-image size-large\"><img fetchpriority=\"high\" decoding=\"async\" width=\"1024\" height=\"682\" data-id=\"7489\" src=\"https:\/\/montecristi.gob.ec\/wp-content\/uploads\/2025\/08\/WhatsApp-Image-2025-08-21-at-18.46.35-1024x682.jpeg\" alt=\"\" class=\"wp-image-7489\" srcset=\"https:\/\/montecristi.gob.ec\/wp-content\/uploads\/2025\/08\/WhatsApp-Image-2025-08-21-at-18.46.35-1024x682.jpeg 1024w, https:\/\/montecristi.gob.ec\/wp-content\/uploads\/2025\/08\/WhatsApp-Image-2025-08-21-at-18.46.35-300x200.jpeg 300w, https:\/\/montecristi.gob.ec\/wp-content\/uploads\/2025\/08\/WhatsApp-Image-2025-08-21-at-18.46.35-768x512.jpeg 768w, https:\/\/montecristi.gob.ec\/wp-content\/uploads\/2025\/08\/WhatsApp-Image-2025-08-21-at-18.46.35-18x12.jpeg 18w, https:\/\/montecristi.gob.ec\/wp-content\/uploads\/2025\/08\/WhatsApp-Image-2025-08-21-at-18.46.35.jpeg 1280w\" sizes=\"(max-width: 1024px) 100vw, 1024px\" \/><\/figure>\n\n\n\n<figure class=\"wp-block-image size-large\"><img decoding=\"async\" width=\"1024\" height=\"682\" data-id=\"7490\" src=\"https:\/\/montecristi.gob.ec\/wp-content\/uploads\/2025\/08\/WhatsApp-Image-2025-08-21-at-18.46.35-3-1024x682.jpeg\" alt=\"\" class=\"wp-image-7490\" srcset=\"https:\/\/montecristi.gob.ec\/wp-content\/uploads\/2025\/08\/WhatsApp-Image-2025-08-21-at-18.46.35-3-1024x682.jpeg 1024w, https:\/\/montecristi.gob.ec\/wp-content\/uploads\/2025\/08\/WhatsApp-Image-2025-08-21-at-18.46.35-3-300x200.jpeg 300w, https:\/\/montecristi.gob.ec\/wp-content\/uploads\/2025\/08\/WhatsApp-Image-2025-08-21-at-18.46.35-3-768x512.jpeg 768w, https:\/\/montecristi.gob.ec\/wp-content\/uploads\/2025\/08\/WhatsApp-Image-2025-08-21-at-18.46.35-3-18x12.jpeg 18w, https:\/\/montecristi.gob.ec\/wp-content\/uploads\/2025\/08\/WhatsApp-Image-2025-08-21-at-18.46.35-3.jpeg 1280w\" sizes=\"(max-width: 1024px) 100vw, 1024px\" \/><\/figure>\n\n\n\n<figure class=\"wp-block-image size-large\"><img decoding=\"async\" width=\"1024\" height=\"748\" data-id=\"7488\" src=\"https:\/\/montecristi.gob.ec\/wp-content\/uploads\/2025\/08\/WhatsApp-Image-2025-08-21-at-18.46.36-1024x748.jpeg\" alt=\"\" class=\"wp-image-7488\" srcset=\"https:\/\/montecristi.gob.ec\/wp-content\/uploads\/2025\/08\/WhatsApp-Image-2025-08-21-at-18.46.36-1024x748.jpeg 1024w, https:\/\/montecristi.gob.ec\/wp-content\/uploads\/2025\/08\/WhatsApp-Image-2025-08-21-at-18.46.36-300x219.jpeg 300w, https:\/\/montecristi.gob.ec\/wp-content\/uploads\/2025\/08\/WhatsApp-Image-2025-08-21-at-18.46.36-768x561.jpeg 768w, https:\/\/montecristi.gob.ec\/wp-content\/uploads\/2025\/08\/WhatsApp-Image-2025-08-21-at-18.46.36-16x12.jpeg 16w, https:\/\/montecristi.gob.ec\/wp-content\/uploads\/2025\/08\/WhatsApp-Image-2025-08-21-at-18.46.36-370x270.jpeg 370w, https:\/\/montecristi.gob.ec\/wp-content\/uploads\/2025\/08\/WhatsApp-Image-2025-08-21-at-18.46.36.jpeg 1280w\" sizes=\"(max-width: 1024px) 100vw, 1024px\" \/><\/figure>\n<\/figure>\n\n\n\n<p><\/p>","protected":false},"excerpt":{"rendered":"<p>En cumplimiento de la ordenanza que crea el Consejo de Seguridad Ciudadana y de lo establecido en el Acuerdo Ministerial Nro. MDI-DMI-2024-0095, el Gobierno Aut\u00f3nomo Descentralizado Municipal de Montecristi realiz\u00f3 [&hellip;]<\/p>\n","protected":false},"author":3,"featured_media":7491,"comment_status":"closed","ping_status":"closed","sticky":false,"template":"","format":"standard","meta":{"footnotes":""},"categories":[1],"tags":[],"class_list":["post-7487","post","type-post","status-publish","format-standard","has-post-thumbnail","hentry","category-sin-categoria"],"_links":{"self":[{"href":"https:\/\/montecristi.gob.ec\/en\/wp-json\/wp\/v2\/posts\/7487","targetHints":{"allow":["GET"]}}],"collection":[{"href":"https:\/\/montecristi.gob.ec\/en\/wp-json\/wp\/v2\/posts"}],"about":[{"href":"https:\/\/montecristi.gob.ec\/en\/wp-json\/wp\/v2\/types\/post"}],"author":[{"embeddable":true,"href":"https:\/\/montecristi.gob.ec\/en\/wp-json\/wp\/v2\/users\/3"}],"replies":[{"embeddable":true,"href":"https:\/\/montecristi.gob.ec\/en\/wp-json\/wp\/v2\/comments?post=7487"}],"version-history":[{"count":1,"href":"https:\/\/montecristi.gob.ec\/en\/wp-json\/wp\/v2\/posts\/7487\/revisions"}],"predecessor-version":[{"id":7492,"href":"https:\/\/montecristi.gob.ec\/en\/wp-json\/wp\/v2\/posts\/7487\/revisions\/7492"}],"wp:featuredmedia":[{"embeddable":true,"href":"https:\/\/montecristi.gob.ec\/en\/wp-json\/wp\/v2\/media\/7491"}],"wp:attachment":[{"href":"https:\/\/montecristi.gob.ec\/en\/wp-json\/wp\/v2\/media?parent=7487"}],"wp:term":[{"taxonomy":"category","embeddable":true,"href":"https:\/\/montecristi.gob.ec\/en\/wp-json\/wp\/v2\/categories?post=7487"},{"taxonomy":"post_tag","embeddable":true,"href":"https:\/\/montecristi.gob.ec\/en\/wp-json\/wp\/v2\/tags?post=7487"}],"curies":[{"name":"wp","href":"https:\/\/api.w.org\/{rel}","templated":true}]}}