{"id":7729,"date":"2025-11-28T10:29:35","date_gmt":"2025-11-28T15:29:35","guid":{"rendered":"https:\/\/montecristi.gob.ec\/?p=7729"},"modified":"2025-12-09T11:31:04","modified_gmt":"2025-12-09T16:31:04","slug":"proyecto-de-28-millones-de-dolares-busca-dotar-de-agua-a-montecristenses","status":"publish","type":"post","link":"https:\/\/montecristi.gob.ec\/en\/proyecto-de-28-millones-de-dolares-busca-dotar-de-agua-a-montecristenses\/","title":{"rendered":"Proyecto de 28 millones de d\u00f3lares busca dotar de agua a montecristenses."},"content":{"rendered":"<p>Tras recibir el aval soberano el pasado 22 de noviembre, se realiz\u00f3 la firma del contrato con CAF y de arbitraje internacional, lo que significa un paso m\u00e1s para la contrataci\u00f3n del proyecto de 28 millones de d\u00f3lares destinado a solucionar el problema del agua que por centenares de a\u00f1os a vivido Montecristi. El proyecto generar\u00e1 30 mil metros c\u00fabicos de agua diario, con lo que se solventar\u00eda el d\u00e9ficit h\u00eddrico en Montecristi, ya que el cant\u00f3n necesita cerca de 10mil metros c\u00fabicos d\u00eda. <\/p>\n\n\n\n<p><br>La producci\u00f3n de agua calculada en el proyecto tiene una proyecci\u00f3n a 20 a\u00f1os considerando el crecimiento poblacional a 155 mil habitantes. El proyecto implica la construcci\u00f3n de un sistema de captaci\u00f3n desde el sector 3 bocas del cant\u00f3n Rocafuerte, que se desplegar\u00e1 por 38 km de tuber\u00eda de hierro d\u00factil y PRFV, dise\u00f1adas para soportar la presi\u00f3n del terreno hasta llegar a Montecristi.<br>Las estaciones de bombeo y subestaci\u00f3n el\u00e9ctrica complementan el sistema, junto con una planta modular de tratamiento de 200 litros por segundo y las plantas existentes en Centinela y Los Mangos, garantizado el suministro de 30 mil metros<br>c\u00fabicos de agua potable.<\/p>\n\n\n\n<p><br>El proyecto tambi\u00e9n incluye un sistema de monitoreo SCADA y un plan de manejo ambiental para garantizar una gesti\u00f3n sostenible.<\/p>\n\n\n\n<p>Sistema de abastecimiento actual insuficiente. Actualmente Montecristi depende de dos fuentes de agua externas, una de ellas el<br>acueducto la esperanza, desde donde se recepta poco caudal de agua, debido al funcionamiento parcial del acueducto, por falta de funcionamiento de las 6 bombas y la dotaci\u00f3n a los agricultores. La otra fuente de agua es a trav\u00e9s de EPAM, de d\u00f3nde<br>tambi\u00e9n se tiene problemas por deficiencias en la distribuci\u00f3n. Cabe se\u00f1alar que est\u00e1 falta de agua potable ha provocado d\u00e9ficit h\u00eddrico en el cant\u00f3n con continuidad de distribuci\u00f3n muy distante, lo que ha llevado a generar un cronograma de distribuci\u00f3n por tanqueros, acci\u00f3n que tambi\u00e9n es insuficiente para la necesidad de los habitantes.<\/p>\n\n\n\n<p><br>Este proyecto marca un hito trascendental en la historia de Montecristi, cristalizando un sue\u00f1o anhelado por d\u00e9cadas que se transforma en una realidad. <\/p>\n\n\n\n<p>\u00abEste aval marca un antes y un despu\u00e9s para Montecristi. Hoy estamos haciendo justicia con nuestra gente. Lo que durante d\u00e9cadas fue un anhelo hoy comienza a convertirse en un hecho\u00bb afirm\u00f3 Jonathan Toro, alcalde de Montecristi.<\/p>\n\n\n\n<figure class=\"wp-block-gallery has-nested-images columns-default is-cropped wp-block-gallery-1 is-layout-flex wp-block-gallery-is-layout-flex\">\n<figure class=\"wp-block-image size-large\"><img fetchpriority=\"high\" decoding=\"async\" width=\"1024\" height=\"683\" data-id=\"7735\" src=\"https:\/\/montecristi.gob.ec\/wp-content\/uploads\/2025\/12\/590840566_1381089090699222_6217424755450501185_n-1-1024x683.jpg\" alt=\"\" class=\"wp-image-7735\" srcset=\"https:\/\/montecristi.gob.ec\/wp-content\/uploads\/2025\/12\/590840566_1381089090699222_6217424755450501185_n-1-1024x683.jpg 1024w, https:\/\/montecristi.gob.ec\/wp-content\/uploads\/2025\/12\/590840566_1381089090699222_6217424755450501185_n-1-300x200.jpg 300w, https:\/\/montecristi.gob.ec\/wp-content\/uploads\/2025\/12\/590840566_1381089090699222_6217424755450501185_n-1-768x512.jpg 768w, https:\/\/montecristi.gob.ec\/wp-content\/uploads\/2025\/12\/590840566_1381089090699222_6217424755450501185_n-1-1536x1024.jpg 1536w, https:\/\/montecristi.gob.ec\/wp-content\/uploads\/2025\/12\/590840566_1381089090699222_6217424755450501185_n-1-18x12.jpg 18w, https:\/\/montecristi.gob.ec\/wp-content\/uploads\/2025\/12\/590840566_1381089090699222_6217424755450501185_n-1.jpg 2048w\" sizes=\"(max-width: 1024px) 100vw, 1024px\" \/><\/figure>\n\n\n\n<figure class=\"wp-block-image size-large\"><img decoding=\"async\" width=\"1024\" height=\"683\" data-id=\"7740\" src=\"https:\/\/montecristi.gob.ec\/wp-content\/uploads\/2025\/12\/589652745_1381089627365835_1002855733431120464_n-1024x683.jpg\" alt=\"\" class=\"wp-image-7740\" srcset=\"https:\/\/montecristi.gob.ec\/wp-content\/uploads\/2025\/12\/589652745_1381089627365835_1002855733431120464_n-1024x683.jpg 1024w, https:\/\/montecristi.gob.ec\/wp-content\/uploads\/2025\/12\/589652745_1381089627365835_1002855733431120464_n-300x200.jpg 300w, https:\/\/montecristi.gob.ec\/wp-content\/uploads\/2025\/12\/589652745_1381089627365835_1002855733431120464_n-768x512.jpg 768w, https:\/\/montecristi.gob.ec\/wp-content\/uploads\/2025\/12\/589652745_1381089627365835_1002855733431120464_n-1536x1024.jpg 1536w, https:\/\/montecristi.gob.ec\/wp-content\/uploads\/2025\/12\/589652745_1381089627365835_1002855733431120464_n-18x12.jpg 18w, https:\/\/montecristi.gob.ec\/wp-content\/uploads\/2025\/12\/589652745_1381089627365835_1002855733431120464_n.jpg 2048w\" sizes=\"(max-width: 1024px) 100vw, 1024px\" \/><\/figure>\n\n\n\n<figure class=\"wp-block-image size-large\"><img decoding=\"async\" width=\"1024\" height=\"683\" data-id=\"7738\" src=\"https:\/\/montecristi.gob.ec\/wp-content\/uploads\/2025\/12\/589642785_1381089234032541_8072922193900191820_n-1-1024x683.jpg\" alt=\"\" class=\"wp-image-7738\" srcset=\"https:\/\/montecristi.gob.ec\/wp-content\/uploads\/2025\/12\/589642785_1381089234032541_8072922193900191820_n-1-1024x683.jpg 1024w, https:\/\/montecristi.gob.ec\/wp-content\/uploads\/2025\/12\/589642785_1381089234032541_8072922193900191820_n-1-300x200.jpg 300w, https:\/\/montecristi.gob.ec\/wp-content\/uploads\/2025\/12\/589642785_1381089234032541_8072922193900191820_n-1-768x512.jpg 768w, https:\/\/montecristi.gob.ec\/wp-content\/uploads\/2025\/12\/589642785_1381089234032541_8072922193900191820_n-1-1536x1024.jpg 1536w, https:\/\/montecristi.gob.ec\/wp-content\/uploads\/2025\/12\/589642785_1381089234032541_8072922193900191820_n-1-18x12.jpg 18w, https:\/\/montecristi.gob.ec\/wp-content\/uploads\/2025\/12\/589642785_1381089234032541_8072922193900191820_n-1.jpg 2048w\" sizes=\"(max-width: 1024px) 100vw, 1024px\" \/><\/figure>\n\n\n\n<figure class=\"wp-block-image size-large\"><img loading=\"lazy\" decoding=\"async\" width=\"1024\" height=\"683\" data-id=\"7742\" src=\"https:\/\/montecristi.gob.ec\/wp-content\/uploads\/2025\/12\/590610760_1381088960699235_153143641915376905_n-1-1024x683.jpg\" alt=\"\" class=\"wp-image-7742\" srcset=\"https:\/\/montecristi.gob.ec\/wp-content\/uploads\/2025\/12\/590610760_1381088960699235_153143641915376905_n-1-1024x683.jpg 1024w, https:\/\/montecristi.gob.ec\/wp-content\/uploads\/2025\/12\/590610760_1381088960699235_153143641915376905_n-1-300x200.jpg 300w, https:\/\/montecristi.gob.ec\/wp-content\/uploads\/2025\/12\/590610760_1381088960699235_153143641915376905_n-1-768x512.jpg 768w, https:\/\/montecristi.gob.ec\/wp-content\/uploads\/2025\/12\/590610760_1381088960699235_153143641915376905_n-1-1536x1024.jpg 1536w, https:\/\/montecristi.gob.ec\/wp-content\/uploads\/2025\/12\/590610760_1381088960699235_153143641915376905_n-1-18x12.jpg 18w, https:\/\/montecristi.gob.ec\/wp-content\/uploads\/2025\/12\/590610760_1381088960699235_153143641915376905_n-1.jpg 2048w\" sizes=\"(max-width: 1024px) 100vw, 1024px\" \/><\/figure>\n\n\n\n<figure class=\"wp-block-image size-large\"><img loading=\"lazy\" decoding=\"async\" width=\"1024\" height=\"683\" data-id=\"7736\" src=\"https:\/\/montecristi.gob.ec\/wp-content\/uploads\/2025\/12\/589740205_1381088660699265_4087433939247475483_n-1-1024x683.jpg\" alt=\"\" class=\"wp-image-7736\" srcset=\"https:\/\/montecristi.gob.ec\/wp-content\/uploads\/2025\/12\/589740205_1381088660699265_4087433939247475483_n-1-1024x683.jpg 1024w, https:\/\/montecristi.gob.ec\/wp-content\/uploads\/2025\/12\/589740205_1381088660699265_4087433939247475483_n-1-300x200.jpg 300w, https:\/\/montecristi.gob.ec\/wp-content\/uploads\/2025\/12\/589740205_1381088660699265_4087433939247475483_n-1-768x512.jpg 768w, https:\/\/montecristi.gob.ec\/wp-content\/uploads\/2025\/12\/589740205_1381088660699265_4087433939247475483_n-1-1536x1024.jpg 1536w, https:\/\/montecristi.gob.ec\/wp-content\/uploads\/2025\/12\/589740205_1381088660699265_4087433939247475483_n-1-18x12.jpg 18w, https:\/\/montecristi.gob.ec\/wp-content\/uploads\/2025\/12\/589740205_1381088660699265_4087433939247475483_n-1.jpg 2048w\" sizes=\"(max-width: 1024px) 100vw, 1024px\" \/><\/figure>\n\n\n\n<figure class=\"wp-block-image size-large\"><img loading=\"lazy\" decoding=\"async\" width=\"1024\" height=\"683\" data-id=\"7741\" src=\"https:\/\/montecristi.gob.ec\/wp-content\/uploads\/2025\/12\/589346735_1381088934032571_6450762370455055345_n-1024x683.jpg\" alt=\"\" class=\"wp-image-7741\" srcset=\"https:\/\/montecristi.gob.ec\/wp-content\/uploads\/2025\/12\/589346735_1381088934032571_6450762370455055345_n-1024x683.jpg 1024w, https:\/\/montecristi.gob.ec\/wp-content\/uploads\/2025\/12\/589346735_1381088934032571_6450762370455055345_n-300x200.jpg 300w, https:\/\/montecristi.gob.ec\/wp-content\/uploads\/2025\/12\/589346735_1381088934032571_6450762370455055345_n-768x512.jpg 768w, https:\/\/montecristi.gob.ec\/wp-content\/uploads\/2025\/12\/589346735_1381088934032571_6450762370455055345_n-1536x1024.jpg 1536w, https:\/\/montecristi.gob.ec\/wp-content\/uploads\/2025\/12\/589346735_1381088934032571_6450762370455055345_n-18x12.jpg 18w, https:\/\/montecristi.gob.ec\/wp-content\/uploads\/2025\/12\/589346735_1381088934032571_6450762370455055345_n.jpg 2048w\" sizes=\"(max-width: 1024px) 100vw, 1024px\" \/><\/figure>\n\n\n\n<figure class=\"wp-block-image size-large\"><img loading=\"lazy\" decoding=\"async\" width=\"1024\" height=\"683\" data-id=\"7737\" src=\"https:\/\/montecristi.gob.ec\/wp-content\/uploads\/2025\/12\/589631325_1381088800699251_8096596686606318698_n-1-1024x683.jpg\" alt=\"\" class=\"wp-image-7737\" srcset=\"https:\/\/montecristi.gob.ec\/wp-content\/uploads\/2025\/12\/589631325_1381088800699251_8096596686606318698_n-1-1024x683.jpg 1024w, https:\/\/montecristi.gob.ec\/wp-content\/uploads\/2025\/12\/589631325_1381088800699251_8096596686606318698_n-1-300x200.jpg 300w, https:\/\/montecristi.gob.ec\/wp-content\/uploads\/2025\/12\/589631325_1381088800699251_8096596686606318698_n-1-768x512.jpg 768w, https:\/\/montecristi.gob.ec\/wp-content\/uploads\/2025\/12\/589631325_1381088800699251_8096596686606318698_n-1-1536x1024.jpg 1536w, https:\/\/montecristi.gob.ec\/wp-content\/uploads\/2025\/12\/589631325_1381088800699251_8096596686606318698_n-1-18x12.jpg 18w, https:\/\/montecristi.gob.ec\/wp-content\/uploads\/2025\/12\/589631325_1381088800699251_8096596686606318698_n-1.jpg 2048w\" sizes=\"(max-width: 1024px) 100vw, 1024px\" \/><\/figure>\n<\/figure>","protected":false},"excerpt":{"rendered":"<p>Tras recibir el aval soberano el pasado 22 de noviembre, se realiz\u00f3 la firma del contrato con CAF y de arbitraje internacional, lo que significa un paso m\u00e1s para la [&hellip;]<\/p>\n","protected":false},"author":3,"featured_media":7743,"comment_status":"closed","ping_status":"closed","sticky":false,"template":"","format":"standard","meta":{"footnotes":""},"categories":[99],"tags":[],"class_list":["post-7729","post","type-post","status-publish","format-standard","has-post-thumbnail","hentry","category-noticia"],"_links":{"self":[{"href":"https:\/\/montecristi.gob.ec\/en\/wp-json\/wp\/v2\/posts\/7729","targetHints":{"allow":["GET"]}}],"collection":[{"href":"https:\/\/montecristi.gob.ec\/en\/wp-json\/wp\/v2\/posts"}],"about":[{"href":"https:\/\/montecristi.gob.ec\/en\/wp-json\/wp\/v2\/types\/post"}],"author":[{"embeddable":true,"href":"https:\/\/montecristi.gob.ec\/en\/wp-json\/wp\/v2\/users\/3"}],"replies":[{"embeddable":true,"href":"https:\/\/montecristi.gob.ec\/en\/wp-json\/wp\/v2\/comments?post=7729"}],"version-history":[{"count":1,"href":"https:\/\/montecristi.gob.ec\/en\/wp-json\/wp\/v2\/posts\/7729\/revisions"}],"predecessor-version":[{"id":7744,"href":"https:\/\/montecristi.gob.ec\/en\/wp-json\/wp\/v2\/posts\/7729\/revisions\/7744"}],"wp:featuredmedia":[{"embeddable":true,"href":"https:\/\/montecristi.gob.ec\/en\/wp-json\/wp\/v2\/media\/7743"}],"wp:attachment":[{"href":"https:\/\/montecristi.gob.ec\/en\/wp-json\/wp\/v2\/media?parent=7729"}],"wp:term":[{"taxonomy":"category","embeddable":true,"href":"https:\/\/montecristi.gob.ec\/en\/wp-json\/wp\/v2\/categories?post=7729"},{"taxonomy":"post_tag","embeddable":true,"href":"https:\/\/montecristi.gob.ec\/en\/wp-json\/wp\/v2\/tags?post=7729"}],"curies":[{"name":"wp","href":"https:\/\/api.w.org\/{rel}","templated":true}]}}